{"id":9689,"date":"2022-09-13T12:53:30","date_gmt":"2022-09-13T17:53:30","guid":{"rendered":"https:\/\/www.amexhi.org\/?p=9689"},"modified":"2022-09-13T17:18:40","modified_gmt":"2022-09-13T22:18:40","slug":"amexhi-renueva-su-junta-directiva-y-nombra-a-nuevos-funcionarios","status":"publish","type":"post","link":"https:\/\/www.amexhi.org\/en\/comunicados\/amexhi-renueva-su-junta-directiva-y-nombra-a-nuevos-funcionarios\/","title":{"rendered":"AMEXHI renueva su Junta Directiva y nombra a nuevos funcionarios"},"content":{"rendered":"\n<p><\/p>\n\n\n\n<p>COMUNICADO DE PRENSA<\/p>\n\n\n\n<p>AMEXHI\/05\/2022<\/p>\n\n\n\n<p><\/p>\n\n\n\n<p>La junta directiva de la Asociaci\u00f3n Mexicana de Empresas de Hidrocarburos (<strong><em>AMEXHI<\/em><\/strong>), nombr\u00f3, en su sesi\u00f3n extraordinaria del 9 de septiembre, a Evelyn Vilchez como nueva Presidenta de la Asociaci\u00f3n \u2212en reemplazo de Juan Manuel Delgado\u2212 y, a Andr\u00e9s Br\u00fcgmann como Vicepresidente. Tambi\u00e9n nombr\u00f3 a Warren Levy como Tesorero y a David Cotera como Secretario. Los 4 nuevos funcionarios fungir\u00e1n durante el periodo 2022-2024.<\/p>\n\n\n\n<p><\/p>\n\n\n\n<p>Evelyn Vilchez es, desde 2017, Country Manager de Chevron Energ\u00eda de M\u00e9xico. Tiene m\u00e1s de 35 a\u00f1os de experiencia en la industria y ha sido reconocida en distintas publicaciones nacionales como una de las l\u00edderes m\u00e1s influyentes del pa\u00eds. A lo largo de su carrera, ha trabajado en m\u00faltiples geograf\u00edas en el sector de exploraci\u00f3n y producci\u00f3n de hidrocarburos, atendiendo \u00e1reas de estrategia, t\u00e9cnicas, planificaci\u00f3n financiera y econ\u00f3micas.<\/p>\n\n\n\n<p><\/p>\n\n\n\n<p>A su vez, Andr\u00e9s Br\u00fcgmann representa a Hokchi Energy y tiene m\u00e1s de 20 a\u00f1os de experiencia en la industria. Previamente, fue director general de Fieldwood Energy M\u00e9xico y, anteriormente, labor\u00f3 en Pemex durante 8 a\u00f1os.<\/p>\n\n\n\n<p><\/p>\n\n\n\n<p>Juan Manuel Delgado, presidente saliente de <strong><em>AMEXHI<\/em><\/strong>, felicit\u00f3 a Evelyn Vilchez y a Andr\u00e9s Br\u00fcgmann por ambos nombramientos y destac\u00f3 que sus trayectorias y reconocimiento en el sector les permitir\u00e1 continuar fortaleciendo el liderazgo de <strong><em>AMEXHI <\/em><\/strong>y sus miembros.<\/p>\n\n\n\n<p><\/p>\n\n\n\n<p>\u201cEs un gusto que Evelyn y Andr\u00e9s tomen esta posici\u00f3n al frente de la industria de hidrocarburos. Estoy seguro de que sus labores permitir\u00e1n que la industria siga fortaleciendo su papel como potenciador de comunidades locales, producci\u00f3n de hidrocarburos y una industria comprometida con M\u00e9xico\u201d.<\/p>\n\n\n\n<p><\/p>\n\n\n\n<p>Por otra parte, Evelyn Vilchez agradeci\u00f3 este nombramiento y voto de confianza de la Junta Directiva de <strong><em>AMEXHI<\/em><\/strong>. Destac\u00f3 que \u201cante los tiempos retadores que vienen hacia adelante, la industria est\u00e1 preparada para continuar con sus operaciones, mantener el crecimiento en la producci\u00f3n de hidrocarburos y cumplir con los compromisos que tenemos en el pa\u00eds\u201d<\/p>\n\n\n\n<p><\/p>\n\n\n\n<p>La nueva Junta Directiva de <strong><em>AMEXHI <\/em><\/strong>queda conformada de la siguiente forma.<\/p>\n\n\n\n<ol class=\"wp-block-list\" type=\"1\"><li>Evelyn Vilchez, Chevron Energ\u00eda de M\u00e9xico \u2013 Presidente<\/li><li>Andr\u00e9s Br\u00fcgmann, Hokchi Energy \u2013 Vicepresidente<\/li><li>Warren Levy, Jaguar Energy \u2013 Tesorero<\/li><li>David Cotera, Perenco\u2013 Secretario<\/li><li>Martin Jungbluth, Wintershall Dea<\/li><li>Luis Zagaglia, Diavaz<\/li><li>Alberto de la Fuente, Shell<\/li><li>Gabriel G\u00f3mez, Murphy<\/li><li>Sergio Limardo, Repsol<\/li><\/ol>\n","protected":false},"excerpt":{"rendered":"<p>COMUNICADO DE PRENSA AMEXHI\/05\/2022 La junta directiva de la Asociaci\u00f3n Mexicana de Empresas de Hidrocarburos (AMEXHI), nombr\u00f3, en su sesi\u00f3n extraordinaria del 9 de septiembre, a Evelyn Vilchez como nueva Presidenta de la Asociaci\u00f3n \u2212en reemplazo de Juan Manuel Delgado\u2212 y, a Andr\u00e9s Br\u00fcgmann como&#8230;<\/p>\n","protected":false},"author":7,"featured_media":0,"comment_status":"open","ping_status":"open","sticky":false,"template":"","format":"standard","meta":{"_seopress_robots_primary_cat":"","footnotes":""},"categories":[20],"tags":[],"class_list":["post-9689","post","type-post","status-publish","format-standard","hentry","category-comunicados"],"_links":{"self":[{"href":"https:\/\/www.amexhi.org\/en\/wp-json\/wp\/v2\/posts\/9689","targetHints":{"allow":["GET"]}}],"collection":[{"href":"https:\/\/www.amexhi.org\/en\/wp-json\/wp\/v2\/posts"}],"about":[{"href":"https:\/\/www.amexhi.org\/en\/wp-json\/wp\/v2\/types\/post"}],"author":[{"embeddable":true,"href":"https:\/\/www.amexhi.org\/en\/wp-json\/wp\/v2\/users\/7"}],"replies":[{"embeddable":true,"href":"https:\/\/www.amexhi.org\/en\/wp-json\/wp\/v2\/comments?post=9689"}],"version-history":[{"count":0,"href":"https:\/\/www.amexhi.org\/en\/wp-json\/wp\/v2\/posts\/9689\/revisions"}],"wp:attachment":[{"href":"https:\/\/www.amexhi.org\/en\/wp-json\/wp\/v2\/media?parent=9689"}],"wp:term":[{"taxonomy":"category","embeddable":true,"href":"https:\/\/www.amexhi.org\/en\/wp-json\/wp\/v2\/categories?post=9689"},{"taxonomy":"post_tag","embeddable":true,"href":"https:\/\/www.amexhi.org\/en\/wp-json\/wp\/v2\/tags?post=9689"}],"curies":[{"name":"wp","href":"https:\/\/api.w.org\/{rel}","templated":true}]}}