{"id":4689,"date":"2020-02-27T07:50:27","date_gmt":"2020-02-27T13:50:27","guid":{"rendered":"https:\/\/www.amexhi.org\/?p=4689"},"modified":"2020-02-26T21:18:25","modified_gmt":"2020-02-27T03:18:25","slug":"amexhi-rechaza-todas-las-formas-de-violencia-en-contra-de-las-mujeres","status":"publish","type":"post","link":"https:\/\/www.amexhi.org\/en\/comunicados\/amexhi-rechaza-todas-las-formas-de-violencia-en-contra-de-las-mujeres\/","title":{"rendered":"AMEXHI rechaza todas las formas de violencia en contra de las mujeres"},"content":{"rendered":"<p>La eliminaci\u00f3n de la violencia en contra de las mujeres es una necesidad de primer orden para establecer una sociedad justa basada en el respeto a los derechos humanos y los valores de libertad e igualdad. En AMEXHI rechazamos la violencia en contra de las mujeres en cualquiera de sus manifestaciones, ya sea violencia activa o pasiva.<\/p>\n<p>Es fundamental que toda la sociedad identifique y rechace las diversas formas de violencia y que promueva acciones que busquen erradicar este fen\u00f3meno que tanto lastima la dignidad humana. Los miembros de AMEXHI condenamos en\u00e9rgicamente la violencia f\u00edsica, emocional o verbal materializada en abuso o acoso, entre otras manifestaciones, en los \u00e1mbitos dom\u00e9stico, laboral o p\u00fablico, ejercida de forma activa o pasiva. Cualquier expresi\u00f3n de violencia debe ser denunciada y condenada.<\/p>\n<p>Por lo anterior, las empresas que forman parte de AMEXHI empatizamos con el paro nacional del 9 de marzo al ser \u00e9ste un acto simb\u00f3lico que llama a reconocer la necesidad de un cambio social y a reivindicar los derechos de las ni\u00f1as, adolescentes y mujeres de todo el mundo.<\/p>\n<p>Consideramos que la educaci\u00f3n es el medio m\u00e1s poderoso para avanzar en la comprensi\u00f3n y combate de este fen\u00f3meno, por lo que nuestra Asociaci\u00f3n impartir\u00e1 seminarios que nos hagan avanzar en nuestra perspectiva de g\u00e9nero, tanto en el \u00e1mbito p\u00fablico como en el privado. As\u00ed, la AMEXHI ofrece su total disposici\u00f3n y recursos para que juntos formemos parte de este urgente cambio social.<\/p>\n<p>En AMEXHI hemos dicho en reiteradas ocasiones que la industria que representamos aporta elementos de gran transformaci\u00f3n social y econ\u00f3mica y que puede ser el factor que incline la balanza hacia un M\u00e9xico m\u00e1s justo. Esto solo es posible con tolerancia cero a la violencia hacia las mujeres y con la incorporaci\u00f3n de un enfoque de g\u00e9nero en todos los aspectos de nuestra actividad cotidiana.<\/p>\n","protected":false},"excerpt":{"rendered":"<p>La eliminaci\u00f3n de la violencia en contra de las mujeres es una necesidad de primer orden para establecer una sociedad justa basada en el respeto a los derechos humanos y los valores de libertad e igualdad. En AMEXHI rechazamos la violencia en contra de las&#8230;<\/p>\n","protected":false},"author":9,"featured_media":3594,"comment_status":"open","ping_status":"open","sticky":false,"template":"","format":"standard","meta":{"_seopress_robots_primary_cat":"","footnotes":""},"categories":[20],"tags":[],"class_list":["post-4689","post","type-post","status-publish","format-standard","has-post-thumbnail","hentry","category-comunicados"],"_links":{"self":[{"href":"https:\/\/www.amexhi.org\/en\/wp-json\/wp\/v2\/posts\/4689","targetHints":{"allow":["GET"]}}],"collection":[{"href":"https:\/\/www.amexhi.org\/en\/wp-json\/wp\/v2\/posts"}],"about":[{"href":"https:\/\/www.amexhi.org\/en\/wp-json\/wp\/v2\/types\/post"}],"author":[{"embeddable":true,"href":"https:\/\/www.amexhi.org\/en\/wp-json\/wp\/v2\/users\/9"}],"replies":[{"embeddable":true,"href":"https:\/\/www.amexhi.org\/en\/wp-json\/wp\/v2\/comments?post=4689"}],"version-history":[{"count":0,"href":"https:\/\/www.amexhi.org\/en\/wp-json\/wp\/v2\/posts\/4689\/revisions"}],"wp:featuredmedia":[{"embeddable":true,"href":"https:\/\/www.amexhi.org\/en\/wp-json\/wp\/v2\/media\/3594"}],"wp:attachment":[{"href":"https:\/\/www.amexhi.org\/en\/wp-json\/wp\/v2\/media?parent=4689"}],"wp:term":[{"taxonomy":"category","embeddable":true,"href":"https:\/\/www.amexhi.org\/en\/wp-json\/wp\/v2\/categories?post=4689"},{"taxonomy":"post_tag","embeddable":true,"href":"https:\/\/www.amexhi.org\/en\/wp-json\/wp\/v2\/tags?post=4689"}],"curies":[{"name":"wp","href":"https:\/\/api.w.org\/{rel}","templated":true}]}}