{"id":3323,"date":"2019-05-31T18:00:20","date_gmt":"2019-05-31T23:00:20","guid":{"rendered":"https:\/\/amexhi.org\/?p=3323"},"modified":"2019-10-14T18:21:49","modified_gmt":"2019-10-14T23:21:49","slug":"las-asociaciones-del-sector-energetico-trabajan-en-conjunto-para-impulsar-el-desarrollo-economico-y-social-del-pais","status":"publish","type":"post","link":"https:\/\/www.amexhi.org\/en\/comunicados\/las-asociaciones-del-sector-energetico-trabajan-en-conjunto-para-impulsar-el-desarrollo-economico-y-social-del-pais\/","title":{"rendered":"Las asociaciones del sector energ\u00e9tico trabajan en conjunto para impulsar el desarrollo econ\u00f3mico y social del pa\u00eds"},"content":{"rendered":"<p>&nbsp;<\/p>\n<ul>\n<li><strong>Las asociaciones de energ\u00eda del pa\u00eds reconocen y apoyan el esfuerzo que el gobierno de M\u00e9xico realiza en el sector energ\u00e9tico<\/strong><\/li>\n<\/ul>\n<ul>\n<li><strong>Coincidieron en la importancia de mejorar la seguridad energ\u00e9tica del pa\u00eds, a partir de la inversi\u00f3n en proyectos energ\u00e9ticos de corto, mediano y largo plazo<\/strong><\/li>\n<\/ul>\n<ul>\n<li><strong>Se reitera la convicci\u00f3n de trabajar en conjunto con el gobierno federal para impulsar a la energ\u00eda como palanca de desarrollo para el pa\u00eds<\/strong><\/li>\n<\/ul>\n<p>&nbsp;<\/p>\n<p>Villahermosa, Tabasco, 31 de mayo de 2019.- Por onceavo a\u00f1o consecutivo, las asociaciones del sector energ\u00e9tico realizaron su congreso conjunto, en el que reafirmaron la importancia de trabajar unidos para responder a las necesidades de energ\u00eda del pa\u00eds en el corto, mediano y largo plazo, as\u00ed como para lograr que la energ\u00eda se convierta en una palanca de desarrollo.<\/p>\n<p>Durante dos d\u00edas, las principales asociaciones mexicanas: de Energ\u00eda (AME), de Econom\u00eda Energ\u00e9tica (AMEE), de Empresas de Hidrocarburos (AMEXHI), de Gas Natural (AMGN); as\u00ed como el World Energy Council Cap\u00edtulo M\u00e9xico (WEC-MEX), acompa\u00f1adas este a\u00f1o por las asociaciones mexicanas de Energ\u00eda Solar (ASOLMEX) y de Energ\u00eda E\u00f3lica (AMDEE), dialogaron sobre los retos y oportunidades de las industrias que ellas representan, con el fin de continuar contribuyendo con los tres \u00f3rdenes de gobierno al crecimiento social y econ\u00f3mico del pa\u00eds.<\/p>\n<p>Durante el panel Perspectivas de la Energ\u00eda Renovable en M\u00e9xico, las asociaciones ASOLMEX y AMDEE estuvieron de acuerdo en que un incremento en la generaci\u00f3n de energ\u00edas limpias no s\u00f3lo tendr\u00e1 un impacto ambiental positivo, sino que tambi\u00e9n representa una oportunidad econ\u00f3mica para atraer inversi\u00f3n y generar empleos. Por su posici\u00f3n geogr\u00e1fica, M\u00e9xico est\u00e1 llamado a ser una potencia mundial en energ\u00eda solar, una de las m\u00e1s competitivas y de mayor dinamismo del portafolio de generaci\u00f3n en M\u00e9xico, en tan solo 5 a\u00f1os pasamos de 30 MW de generaci\u00f3n instalada a casi 4,000 MW y esperamos que esta tendencia contin\u00fae y de esta manera atender la demanda de electricidad del pa\u00eds, la cual crece a un ritmo anual de 3.1%.<\/p>\n<p>M\u00e1s tarde, en la mesa sobre el Programa Nacional de Electricidad: Retos y Oportunidades, organizada por la AME, los participantes destacaron la importancia de robustecer las l\u00edneas de transmisi\u00f3n, as\u00ed como de continuar con el flujo de las inversiones que requiere el sector para satisfacer la creciente demanda de electricidad. electricidad. La iniciativa privada tiene que apoyar y complementar a la CFE, ayudando al prop\u00f3sito recogido en el Plan Nacional de Desarrollo de que la energ\u00eda se convierta en motor de crecimiento de todas las regiones de M\u00e9xico.<\/p>\n<p>En su oportunidad, la AMEXHI, durante el panel \u201cConstruyendo Puentes\u201d, recalc\u00f3 que la industria privada es un aliado estrat\u00e9gico del gobierno, con metas comunes de incrementar la producci\u00f3n, las reservas y la actividad petrolera para el bien de M\u00e9xico, su gente y la industria. Debemos seguir por la ruta adecuada para alcanzar la meta de 280 mil barriles.<\/p>\n<p>Por su parte, el WEC-MEX, en la mesa: Los Retos a Mediano y Largo Plazo de las Energ\u00edas Limpias, concluy\u00f3 que el principal reto de las tecnolog\u00edas basadas en este tipo de energ\u00edas es la velocidad de su desarrollo tecnol\u00f3gico y penetraci\u00f3n comercial en el sistema de generaci\u00f3n el\u00e9ctrica, para lograr ser eficaces en la reducci\u00f3n de la emisi\u00f3n de gases de efecto invernadero y el combate al calentamiento global.<\/p>\n<p>En el panel Seguridad Energ\u00e9tica de Petrol\u00edferos, la AMEE resalt\u00f3 que es necesario mandar los mensajes de apertura de mercados, certeza jur\u00eddica y estabilidad regulatoria al sector, para promover las inversiones necesarias en infraestructura que permitan desarrollar un mercado competitivo de petrol\u00edferos.<\/p>\n<p>Al hablar del Gas Natural como Palanca de Desarrollo en M\u00e9xico, la AMGN hizo \u00e9nfasis en que este energ\u00e9tico es clave para la econom\u00eda nacional, ya que su disponibilidad detona la industrializaci\u00f3n, generaci\u00f3n de empleos y competitividad de las empresas y comercios. Del mismo modo, brinda a los consumidores residenciales la confianza del uso de un combustible seguro, c\u00f3modo y econ\u00f3mico.<\/p>\n<p>Durante el evento, las asociaciones coincidieron en que nuestra naci\u00f3n requiere la suma de esfuerzos del gobierno, la iniciativa privada y el sector social para la construcci\u00f3n de infraestructura que garantice la seguridad energ\u00e9tica de M\u00e9xico, genere m\u00e1s empleo y detone la econom\u00eda de zonas que a\u00fan presentan pobreza energ\u00e9tica.<\/p>\n<p>Asimismo, se\u00f1alaron que M\u00e9xico cuenta con recursos petroleros, gas natural y condiciones inmejorables para las energ\u00edas renovables, lo que nos permite como naci\u00f3n, brindar una oferta diversificada de energ\u00e9ticos, donde los m\u00e1s beneficiados sean los ciudadanos.<\/p>\n<p>En el evento se cont\u00f3 con la participaci\u00f3n del Gobernador de Tabasco, Ad\u00e1n Augusto L\u00f3pez; la Secretaria de Energ\u00eda, Roc\u00edo Nahle Garc\u00eda; el Comisionado Presidente de la Comisi\u00f3n Regulatoria de Energ\u00eda, Guillermo Garc\u00eda Alcocer; la Directora General del Centro Nacional de Control del Gas Natural, Lic. Elvira Daniel Kabbaz Zaga; y el Director de An\u00e1lisis Econ\u00f3mico y Vinculaci\u00f3n con la Iniciativa Privada de la Oficina de la Presidencia, Iv\u00e1n Rivas.<\/p>\n<p>Adem\u00e1s, asistieron importantes representantes de la Agencia de Seguridad, Energ\u00eda y Ambiente, Comisi\u00f3n Nacional de Seguridad Nuclear y Salvaguardias y del Instituto Nacional de Electricidad y Energ\u00edas Limpias.<\/p>\n<p>&nbsp;<\/p>\n<hr \/>\n<h3><\/h3>\n<h3><strong>Sobre AME <\/strong><\/h3>\n<p>Est\u00e1 integrada por 12 empresas l\u00edderes del sector energ\u00e9tico que representan 20,000 MW de capacidad instalada a trav\u00e9s de la generaci\u00f3n el\u00e9ctrica en ciclos combinados, es decir, el 27% de la capacidad del pa\u00eds.<\/p>\n<p><a href=\"http:\/\/www.asociacionmexicanadeenergia.com.mx\">www.asociacionmexicanadeenergia.com.mx<\/a><\/p>\n<p>&nbsp;<\/p>\n<h3><strong>Sobre ASOLMEX <\/strong><\/h3>\n<p>Integrado por m\u00e1s de 120 asociados de 16 pa\u00edses. Re\u00fane a operadores, inversionistas, proveedores y desarrolladores de centrales solares fotovoltaicas a gran escala y de generaci\u00f3n distribuida, representando sus intereses ante las dependencias y entidades del Sector P\u00fablico, Asociaciones, C\u00e1maras y Organismos Privados, Nacionales e Internacionales, promoviendo el desarrollo de la industria.<\/p>\n<p><a href=\"http:\/\/www.asolmex.org\">www.asolmex.org<\/a><\/p>\n<p>&nbsp;<\/p>\n<h3><strong>Sobre AMEE<\/strong><\/h3>\n<p>Se fund\u00f3 en el a\u00f1o de 1994 con el fin de crear un foro de an\u00e1lisis y discusi\u00f3n profesional. Tiene como objetivo promover la comunicaci\u00f3n profesional entre personas y Asociaciones de intereses afines, tanto en M\u00e9xico como en otros pa\u00edses.<\/p>\n<p><a href=\"http:\/\/www.economiaenergetica.org\">www.economiaenergetica.org<\/a><\/p>\n<p><strong>\u00a0<\/strong><\/p>\n<h3><strong>WEC Cap\u00edtulo M\u00e9xico <\/strong><\/h3>\n<p>Promueve el uso pac\u00edfico de los recursos energ\u00e9ticos para el beneficio de la sociedad, a trav\u00e9s de un foro de discusi\u00f3n, estudios, an\u00e1lisis, promoci\u00f3n de la investigaci\u00f3n y la divulgaci\u00f3n de informaci\u00f3n del sector<\/p>\n<p><a href=\"http:\/\/www.wecmex.org.mx\">www.wecmex.org.mx<\/a><\/p>\n<p><strong>\u00a0<\/strong><\/p>\n<h3><strong>Sobre AMGN <\/strong><\/h3>\n<p>Fundada en 1988, re\u00fane a m\u00e1s de 80 empresas, nacionales y extranjeras, que ofrecen productos y servicios relacionados con la cadena de valor del gas natural<\/p>\n<p><a href=\"http:\/\/www.amgn.mx\">www.amgn.mx<\/a><\/p>\n<p>&nbsp;<\/p>\n<h3><strong>Sobre AMDEE <\/strong><\/h3>\n<p>Promueve la generaci\u00f3n y desarrollo de la energ\u00eda e\u00f3lica en M\u00e9xico, representando a los desarrolladores ante las autoridades, sectores econ\u00f3micos y sociedad en general<\/p>\n<p><a href=\"http:\/\/www.amdee.org\">www.amdee.org<\/a><\/p>\n<p>&nbsp;<\/p>\n<h3><strong>Sobre AMEXHI <\/strong><\/h3>\n<p>Re\u00fane a los principales inversionistas y operadores de petr\u00f3leo y gas en M\u00e9xico<\/p>\n<p><a href=\"http:\/\/www.amexhi.org\">www.amexhi.org<\/a><\/p>\n","protected":false},"excerpt":{"rendered":"<p>&nbsp; Las asociaciones de energ\u00eda del pa\u00eds reconocen y apoyan el esfuerzo que el gobierno de M\u00e9xico realiza en el sector energ\u00e9tico Coincidieron en la importancia de mejorar la seguridad energ\u00e9tica del pa\u00eds, a partir de la inversi\u00f3n en proyectos energ\u00e9ticos de corto, mediano y&#8230;<\/p>\n","protected":false},"author":9,"featured_media":3593,"comment_status":"closed","ping_status":"closed","sticky":false,"template":"","format":"standard","meta":{"_seopress_robots_primary_cat":"","footnotes":""},"categories":[20],"tags":[],"class_list":["post-3323","post","type-post","status-publish","format-standard","has-post-thumbnail","hentry","category-comunicados"],"_links":{"self":[{"href":"https:\/\/www.amexhi.org\/en\/wp-json\/wp\/v2\/posts\/3323","targetHints":{"allow":["GET"]}}],"collection":[{"href":"https:\/\/www.amexhi.org\/en\/wp-json\/wp\/v2\/posts"}],"about":[{"href":"https:\/\/www.amexhi.org\/en\/wp-json\/wp\/v2\/types\/post"}],"author":[{"embeddable":true,"href":"https:\/\/www.amexhi.org\/en\/wp-json\/wp\/v2\/users\/9"}],"replies":[{"embeddable":true,"href":"https:\/\/www.amexhi.org\/en\/wp-json\/wp\/v2\/comments?post=3323"}],"version-history":[{"count":0,"href":"https:\/\/www.amexhi.org\/en\/wp-json\/wp\/v2\/posts\/3323\/revisions"}],"wp:featuredmedia":[{"embeddable":true,"href":"https:\/\/www.amexhi.org\/en\/wp-json\/wp\/v2\/media\/3593"}],"wp:attachment":[{"href":"https:\/\/www.amexhi.org\/en\/wp-json\/wp\/v2\/media?parent=3323"}],"wp:term":[{"taxonomy":"category","embeddable":true,"href":"https:\/\/www.amexhi.org\/en\/wp-json\/wp\/v2\/categories?post=3323"},{"taxonomy":"post_tag","embeddable":true,"href":"https:\/\/www.amexhi.org\/en\/wp-json\/wp\/v2\/tags?post=3323"}],"curies":[{"name":"wp","href":"https:\/\/api.w.org\/{rel}","templated":true}]}}