{"id":3152,"date":"2019-04-24T22:39:10","date_gmt":"2019-04-25T03:39:10","guid":{"rendered":"https:\/\/amexhi.org\/?p=3152"},"modified":"2019-10-14T18:22:58","modified_gmt":"2019-10-14T23:22:58","slug":"convencion-nacional-petrolera-2019","status":"publish","type":"post","link":"https:\/\/www.amexhi.org\/en\/comunicados\/convencion-nacional-petrolera-2019\/","title":{"rendered":"Convenci\u00f3n Nacional Petrolera 2019"},"content":{"rendered":"<p>El 30 de abril celebraremos la 4\u00aa edici\u00f3n del evento m\u00e1s importante de AMEXHI, la Convenci\u00f3n Nacional Petrolera. Este evento re\u00fane a los personajes claves para el sector energ\u00e9tico mexicano, desde el sector p\u00fablico hasta academia y sector privado. Te invitamos a conocer la agenda <strong>\u201cConstruyendo Puentes: Colaborando para el \u00e9xito energ\u00e9tico de M\u00e9xico&#8221;<\/strong><\/p>\n<p><a href=\"http:\/\/www.amexhi.org\/wp-content\/uploads\/2019\/04\/Agenda-CNP2019VF1.png\"><img loading=\"lazy\" decoding=\"async\" class=\"alignnone size-full wp-image-3182\" src=\"http:\/\/www.amexhi.org\/wp-content\/uploads\/2019\/04\/Agenda-CNP2019VF1.png\" alt=\"Agenda CNP2019VF1\" width=\"1200\" height=\"1600\" srcset=\"https:\/\/www.amexhi.org\/wp-content\/uploads\/2019\/04\/Agenda-CNP2019VF1.png 1200w, https:\/\/www.amexhi.org\/wp-content\/uploads\/2019\/04\/Agenda-CNP2019VF1-225x300.png 225w, https:\/\/www.amexhi.org\/wp-content\/uploads\/2019\/04\/Agenda-CNP2019VF1-768x1024.png 768w, https:\/\/www.amexhi.org\/wp-content\/uploads\/2019\/04\/Agenda-CNP2019VF1-600x800.png 600w, https:\/\/www.amexhi.org\/wp-content\/uploads\/2019\/04\/Agenda-CNP2019VF1-700x933.png 700w\" sizes=\"auto, (max-width: 1200px) 100vw, 1200px\" \/><\/a><\/p>\n","protected":false},"excerpt":{"rendered":"<p>El 30 de abril celebraremos la 4\u00aa edici\u00f3n del evento m\u00e1s importante de AMEXHI, la Convenci\u00f3n Nacional Petrolera. Este evento re\u00fane a los personajes claves para el sector energ\u00e9tico mexicano, desde el sector p\u00fablico hasta academia y sector privado. Te invitamos a conocer la agenda&#8230;<\/p>\n","protected":false},"author":9,"featured_media":3596,"comment_status":"open","ping_status":"open","sticky":false,"template":"","format":"standard","meta":{"_seopress_robots_primary_cat":"","footnotes":""},"categories":[20],"tags":[],"class_list":["post-3152","post","type-post","status-publish","format-standard","has-post-thumbnail","hentry","category-comunicados"],"_links":{"self":[{"href":"https:\/\/www.amexhi.org\/en\/wp-json\/wp\/v2\/posts\/3152","targetHints":{"allow":["GET"]}}],"collection":[{"href":"https:\/\/www.amexhi.org\/en\/wp-json\/wp\/v2\/posts"}],"about":[{"href":"https:\/\/www.amexhi.org\/en\/wp-json\/wp\/v2\/types\/post"}],"author":[{"embeddable":true,"href":"https:\/\/www.amexhi.org\/en\/wp-json\/wp\/v2\/users\/9"}],"replies":[{"embeddable":true,"href":"https:\/\/www.amexhi.org\/en\/wp-json\/wp\/v2\/comments?post=3152"}],"version-history":[{"count":0,"href":"https:\/\/www.amexhi.org\/en\/wp-json\/wp\/v2\/posts\/3152\/revisions"}],"wp:featuredmedia":[{"embeddable":true,"href":"https:\/\/www.amexhi.org\/en\/wp-json\/wp\/v2\/media\/3596"}],"wp:attachment":[{"href":"https:\/\/www.amexhi.org\/en\/wp-json\/wp\/v2\/media?parent=3152"}],"wp:term":[{"taxonomy":"category","embeddable":true,"href":"https:\/\/www.amexhi.org\/en\/wp-json\/wp\/v2\/categories?post=3152"},{"taxonomy":"post_tag","embeddable":true,"href":"https:\/\/www.amexhi.org\/en\/wp-json\/wp\/v2\/tags?post=3152"}],"curies":[{"name":"wp","href":"https:\/\/api.w.org\/{rel}","templated":true}]}}