{"id":2187,"date":"2018-07-24T12:10:07","date_gmt":"2018-07-24T17:10:07","guid":{"rendered":"https:\/\/amexhi.org\/?p=2187"},"modified":"2019-10-15T14:30:37","modified_gmt":"2019-10-15T19:30:37","slug":"alberto-de-la-fuente-seguira-al-frente-de-la-amexhi","status":"publish","type":"post","link":"https:\/\/www.amexhi.org\/en\/comunicados\/alberto-de-la-fuente-seguira-al-frente-de-la-amexhi\/","title":{"rendered":"Alberto de la Fuente seguir\u00e1 al frente de la AMEXHI"},"content":{"rendered":"<ul>\n<li>Alberto de la Fuente fue reelecto por unanimidad como Presidente de la AMEXHI para el periodo 2018-2020.<\/li>\n<li>Bajo su liderazgo, AMEXHI dio a conocer la \u201cAgenda 2040: Transformando a M\u00e9xico\u201d en marzo de este a\u00f1o.<\/li>\n<\/ul>\n<p>&nbsp;<\/p>\n<p><strong>CIUDAD DE M\u00c9XICO, a 24 de julio de 2018.<\/strong> La Junta Directiva de la Asociaci\u00f3n Mexicana de Empresas de Hidrocarburos (AMEXHI) anunci\u00f3 que Alberto De La Fuente, Presidente y Director de Shell M\u00e9xico, fue reelecto por unanimidad como Presidente de la Asociaci\u00f3n para el periodo 2018-2020, tras haber concluido con su gesti\u00f3n para el periodo 2016-2018.<\/p>\n<p>&nbsp;<\/p>\n<p>Bajo su liderazgo, el 14 de marzo pasado AMEXHI dio a conocer la \u201cAgenda 2040: Transformando a M\u00e9xico\u201d, la cual propone acciones espec\u00edficas que tienen el objetivo de que el nuevo modelo energ\u00e9tico mexicano alcance su m\u00e1ximo potencial hacia 2040.<\/p>\n<p>&nbsp;<\/p>\n<p>De La Fuente destac\u00f3 la importancia de mantener el rumbo propuesto en esta Agenda a trav\u00e9s del\u00a0 respeto a las reglas, la competencia, la transparencia y la generaci\u00f3n conjunta de conocimiento.<\/p>\n<p>&nbsp;<\/p>\n<p>\u201cEl nuevo modelo energ\u00e9tico mexicano contribuye al desarrollo y a la competitividad del pa\u00eds. Desde la perspectiva de AMEXHI, este modelo debe continuar para hacer de la industria energ\u00e9tica mexicana la columna vertebral de la prosperidad de todas las regiones del pa\u00eds y de todos sus sectores productivos. Asumo con gran orgullo el reto de seguir contribuyendo a fortalecer el sector energ\u00e9tico mexicano para consolidar a la industria de hidrocarburos como una fuente de fortaleza y de orgullo para M\u00e9xico,\u201d coment\u00f3 el reci\u00e9n reelecto Presidente de AMEXHI.<\/p>\n","protected":false},"excerpt":{"rendered":"<p>Alberto de la Fuente fue reelecto por unanimidad como Presidente de la AMEXHI para el periodo 2018-2020. Bajo su liderazgo, AMEXHI dio a conocer la \u201cAgenda 2040: Transformando a M\u00e9xico\u201d en marzo de este a\u00f1o. &nbsp; CIUDAD DE M\u00c9XICO, a 24 de julio de 2018&#8230;.<\/p>\n","protected":false},"author":9,"featured_media":2190,"comment_status":"open","ping_status":"open","sticky":false,"template":"","format":"standard","meta":{"_seopress_robots_primary_cat":"","footnotes":""},"categories":[20],"tags":[],"class_list":["post-2187","post","type-post","status-publish","format-standard","has-post-thumbnail","hentry","category-comunicados"],"_links":{"self":[{"href":"https:\/\/www.amexhi.org\/en\/wp-json\/wp\/v2\/posts\/2187","targetHints":{"allow":["GET"]}}],"collection":[{"href":"https:\/\/www.amexhi.org\/en\/wp-json\/wp\/v2\/posts"}],"about":[{"href":"https:\/\/www.amexhi.org\/en\/wp-json\/wp\/v2\/types\/post"}],"author":[{"embeddable":true,"href":"https:\/\/www.amexhi.org\/en\/wp-json\/wp\/v2\/users\/9"}],"replies":[{"embeddable":true,"href":"https:\/\/www.amexhi.org\/en\/wp-json\/wp\/v2\/comments?post=2187"}],"version-history":[{"count":0,"href":"https:\/\/www.amexhi.org\/en\/wp-json\/wp\/v2\/posts\/2187\/revisions"}],"wp:featuredmedia":[{"embeddable":true,"href":"https:\/\/www.amexhi.org\/en\/wp-json\/wp\/v2\/media\/2190"}],"wp:attachment":[{"href":"https:\/\/www.amexhi.org\/en\/wp-json\/wp\/v2\/media?parent=2187"}],"wp:term":[{"taxonomy":"category","embeddable":true,"href":"https:\/\/www.amexhi.org\/en\/wp-json\/wp\/v2\/categories?post=2187"},{"taxonomy":"post_tag","embeddable":true,"href":"https:\/\/www.amexhi.org\/en\/wp-json\/wp\/v2\/tags?post=2187"}],"curies":[{"name":"wp","href":"https:\/\/api.w.org\/{rel}","templated":true}]}}