{"id":13122,"date":"2024-08-23T14:45:05","date_gmt":"2024-08-23T19:45:05","guid":{"rendered":"https:\/\/www.amexhi.org\/?p=13122"},"modified":"2024-09-12T19:59:28","modified_gmt":"2024-09-13T00:59:28","slug":"convencion-nacional-petrolera-2024","status":"publish","type":"post","link":"https:\/\/www.amexhi.org\/en\/blog-amexhi\/convencion-nacional-petrolera-2024\/","title":{"rendered":"Convenci\u00f3n Nacional Petrolera 2024"},"content":{"rendered":"<p>Concluy\u00f3 la Convenci\u00f3n Nacional Petrolera 2024: Por un M\u00e9xico en crecimiento. \u00a1Muchas gracias por acompa\u00f1arnos!<\/p>\n<p>&nbsp;<\/p>\n<p><!--more--><\/p>\n<p>Infograf\u00edas de los ganadores de nuestra convocatoria estudiantil. Da clic para verlas en mayor resoluci\u00f3n.<\/p>\n\n\t\t<style type=\"text\/css\">\n\t\t\t#gallery-1 {\n\t\t\t\tmargin: auto;\n\t\t\t}\n\t\t\t#gallery-1 .gallery-item {\n\t\t\t\tfloat: left;\n\t\t\t\tmargin-top: 10px;\n\t\t\t\ttext-align: center;\n\t\t\t\twidth: 33%;\n\t\t\t}\n\t\t\t#gallery-1 img {\n\t\t\t\tborder: 2px solid #cfcfcf;\n\t\t\t}\n\t\t\t#gallery-1 .gallery-caption {\n\t\t\t\tmargin-left: 0;\n\t\t\t}\n\t\t\t\/* see gallery_shortcode() in wp-includes\/media.php *\/\n\t\t<\/style>\n\t\t<div id='gallery-1' class='gallery galleryid-13122 gallery-columns-3 gallery-size-thumbnail'><dl class='gallery-item'>\n\t\t\t<dt class='gallery-icon portrait'>\n\t\t\t\t<a href='https:\/\/www.amexhi.org\/en\/aaa-julieta-2\/'><img loading=\"lazy\" decoding=\"async\" width=\"150\" height=\"150\" src=\"https:\/\/www.amexhi.org\/wp-content\/uploads\/2024\/08\/AAA-julieta-150x150.jpg\" class=\"attachment-thumbnail size-thumbnail\" alt=\"Julieta P\u00e9rez \u00c1lvarez\" aria-describedby=\"gallery-1-13204\" srcset=\"https:\/\/www.amexhi.org\/wp-content\/uploads\/2024\/08\/AAA-julieta-150x150.jpg 150w, https:\/\/www.amexhi.org\/wp-content\/uploads\/2024\/08\/AAA-julieta-570x570.jpg 570w, https:\/\/www.amexhi.org\/wp-content\/uploads\/2024\/08\/AAA-julieta-500x500.jpg 500w, https:\/\/www.amexhi.org\/wp-content\/uploads\/2024\/08\/AAA-julieta-1000x1000.jpg 1000w\" sizes=\"auto, (max-width: 150px) 100vw, 150px\" \/><\/a>\n\t\t\t<\/dt>\n\t\t\t\t<dd class='wp-caption-text gallery-caption' id='gallery-1-13204'>\n\t\t\t\tJulieta P\u00e9rez \u00c1lvarez\n\t\t\t\t<\/dd><\/dl><dl class='gallery-item'>\n\t\t\t<dt class='gallery-icon portrait'>\n\t\t\t\t<a href='https:\/\/www.amexhi.org\/en\/infografia-luis-2\/'><img loading=\"lazy\" decoding=\"async\" width=\"150\" height=\"150\" src=\"https:\/\/www.amexhi.org\/wp-content\/uploads\/2024\/08\/Infografia-luis-150x150.jpg\" class=\"attachment-thumbnail size-thumbnail\" alt=\"Luis Edgar Gonz\u00e1lez\" aria-describedby=\"gallery-1-13206\" srcset=\"https:\/\/www.amexhi.org\/wp-content\/uploads\/2024\/08\/Infografia-luis-150x150.jpg 150w, https:\/\/www.amexhi.org\/wp-content\/uploads\/2024\/08\/Infografia-luis-570x570.jpg 570w, https:\/\/www.amexhi.org\/wp-content\/uploads\/2024\/08\/Infografia-luis-500x500.jpg 500w, https:\/\/www.amexhi.org\/wp-content\/uploads\/2024\/08\/Infografia-luis-1000x1000.jpg 1000w\" sizes=\"auto, (max-width: 150px) 100vw, 150px\" \/><\/a>\n\t\t\t<\/dt>\n\t\t\t\t<dd class='wp-caption-text gallery-caption' id='gallery-1-13206'>\n\t\t\t\tLuis Edgar Gonz\u00e1lez\n\t\t\t\t<\/dd><\/dl><dl class='gallery-item'>\n\t\t\t<dt class='gallery-icon portrait'>\n\t\t\t\t<a href='https:\/\/www.amexhi.org\/en\/infografia-salome-vf_page-0001-2\/'><img loading=\"lazy\" decoding=\"async\" width=\"150\" height=\"150\" src=\"https:\/\/www.amexhi.org\/wp-content\/uploads\/2024\/08\/Infografia-Salome-vf_page-0001-150x150.jpg\" class=\"attachment-thumbnail size-thumbnail\" alt=\"Ma. Salom\u00e9 Rodr\u00edguez\" aria-describedby=\"gallery-1-13208\" srcset=\"https:\/\/www.amexhi.org\/wp-content\/uploads\/2024\/08\/Infografia-Salome-vf_page-0001-150x150.jpg 150w, https:\/\/www.amexhi.org\/wp-content\/uploads\/2024\/08\/Infografia-Salome-vf_page-0001-570x570.jpg 570w, https:\/\/www.amexhi.org\/wp-content\/uploads\/2024\/08\/Infografia-Salome-vf_page-0001-500x500.jpg 500w, https:\/\/www.amexhi.org\/wp-content\/uploads\/2024\/08\/Infografia-Salome-vf_page-0001-1000x1000.jpg 1000w\" sizes=\"auto, (max-width: 150px) 100vw, 150px\" \/><\/a>\n\t\t\t<\/dt>\n\t\t\t\t<dd class='wp-caption-text gallery-caption' id='gallery-1-13208'>\n\t\t\t\tInfograf\u00eda Salom\u00e9 Rodr\u00edguez\n\t\t\t\t<\/dd><\/dl><br style=\"clear: both\" \/>\n\t\t<\/div>\n\n<p>&nbsp;<\/p>\n<p style=\"text-align: center;\"><a href=\"https:\/\/cnp2024.org\/\">Para m\u00e1s informaci\u00f3n, ingresa a cnp2024.org<\/a><\/p>\n<p>&nbsp;<\/p>\n<h2><strong>CONOCE AQU\u00cd LA AGENDA DE LA CNP 2024<\/strong><\/h2>\n<p><strong>9:00 &#8211; 9:30 INAUGURACI\u00d3N<\/strong><\/p>\n<ul>\n<li><span style=\"color: #333399;\"><em>Alberto de la Fuente<\/em><\/span>, Presidente de la Asociaci\u00f3n Mexicana de Empresas de Hidrocaburos<\/li>\n<\/ul>\n<p>&nbsp;<\/p>\n<p><strong>9:30 &#8211; 10:20 ABRIENDO OPORTUNIDADES PARA LAS MUJERES EN EL SECTOR ENERG\u00c9TICO<\/strong><\/p>\n<ul>\n<li><em><span style=\"color: #333399;\">Alessandra Testoni<\/span><\/em>, Directora de Sustentabilidad, Eni M\u00e9xico<\/li>\n<li><span style=\"color: #333399;\"><em>Valentina Olvera<\/em><\/span>, Vicepresidenta de AMEXHI<\/li>\n<li><span style=\"color: #333399;\"><em>Patricia Zorrilla<\/em><\/span>, Titular de la Unidad de Administraci\u00f3n T\u00e9cnica de Asignaciones y Contratos, Comisi\u00f3n Nacional de Hidrocarburos<\/li>\n<li><span style=\"color: #333399;\"><em>Roc\u00edo Abreu Arti\u00f1ano<\/em><\/span>, Diputada Federal<\/li>\n<li><span style=\"color: #333399;\"><em>Laura Josefina Chong<\/em><\/span>, Titular de la Unidad de Asuntos Jur\u00eddicos de ASEA<\/li>\n<\/ul>\n<p>&nbsp;<\/p>\n<p><strong>10:40 &#8211; 11:55 \u00bfM\u00c9XICO A\u00daN ES POTENCIA PETROLERA Y GAS\u00cdFERA?<\/strong><\/p>\n<ul>\n<li><span style=\"color: #333399;\"><em>Merlin Cochran<\/em><\/span>, Director General de de AMEXHI<\/li>\n<li><span style=\"color: #333399;\"><em>Claudia Pessagno<\/em><\/span>, Directora de Investigaci\u00f3n, S&amp;P Global Commodity Insights<\/li>\n<li><span style=\"color: #333399;\"><em>Rodrigo Hern\u00e1ndez Ord\u00f3\u00f1ez<\/em><\/span>, Titular de la Unidad T\u00e9cnica de Exploraci\u00f3n y Supervisi\u00f3n, Comisi\u00f3n Nacional de Hidrocarburos<\/li>\n<li><span style=\"color: #333399;\"><em>Vinicio Suro<\/em><\/span>, Vicepresidente de Hokchi Energy<\/li>\n<li><span style=\"color: #333399;\"><em>Fluvio Ru\u00edz<\/em><\/span>, Ex Consejero Profesional de PEMEX<\/li>\n<li><em><span style=\"color: #333399;\">Pablo Medina<\/span><\/em>, VP de la Divisi\u00f3n de Investigaci\u00f3n de Welligence<\/li>\n<\/ul>\n<p>&nbsp;<\/p>\n<p><strong>12:15 &#8211; 13:30 ALIANZAS, EL FACTOR DE APALANCAMIENTO PARA EL DESARROLLO DE CAMPOS EN LA FRONTERA TECNOL\u00d3GICA<\/strong><\/p>\n<ul>\n<li><span style=\"color: #333399;\"><em>Edna Osuna<\/em><\/span>, Miembro de la Junta Directiva de AMEXHI<\/li>\n<li><span style=\"color: #333399;\"><i>Gustavo Baquero, <\/i><span style=\"color: #000000;\">Director General, Harbour Energy M\u00e9xico<\/span><\/span><\/li>\n<li><em><span style=\"color: #333399;\">Stephan Drouaud<\/span><\/em>, Vicepresidente para Trion, Woodside Energy<\/li>\n<li><span style=\"color: #333399;\"><em>Ang\u00e9lica Ruiz<\/em><\/span>, Presidenta de M\u00e9xico\u00a0 y Vicepresidenta Senior para Am\u00e9rica Latina, bp<\/li>\n<li><em><span style=\"color: #333399;\">Francisco Noyola<\/span><\/em>, Vicepresidente de M\u00e9xico, Talos Energy<\/li>\n<\/ul>\n<p>&nbsp;<\/p>\n<p><strong>13:40 &#8211; 14:10 CONFERENCIA<\/strong><\/p>\n<ul>\n<li><span style=\"color: #333399;\"><em>Agust\u00edn D\u00edaz Lastra<\/em><\/span>, Comisionado Presidente,\u00a0Comisi\u00f3n Nacional de Hidrocarburos<\/li>\n<\/ul>\n<p>&nbsp;<\/p>\n<p><strong>14:50 &#8211; 15:35\u00a0MODELO DE DESARROLLO DE YACIMIENTOS NO CONVENCIONALES EN ARGENTINA Y LECCIONES PARA M\u00c9XICO<\/strong><\/p>\n<ul>\n<li><em><span style=\"color: #333399;\">Carlos Ormachea<\/span><\/em>, Chairman,Tecpetrol<\/li>\n<\/ul>\n<p>&nbsp;<\/p>\n<p><strong>16:00 &#8211; 16:20 EL PAPEL DEL GAS NATURAL EN LA SEGURIDAD ENERG\u00c9TICA DE NORTEAM\u00c9RICA<\/strong><\/p>\n<ul>\n<li><span style=\"color: #333399;\"><em>Carlos Pascual<\/em><\/span>, Vicepresidente Senior de Energ\u00eda Global y Asuntos Internacionales de S&amp;P Global Commodity Insights<\/li>\n<\/ul>\n<p>&nbsp;<\/p>\n<p><strong>16:30 &#8211; 17:40 GAS NATURAL, EL COMBUSTIBLE DE LA SEGURIDAD ENERG\u00c9TICA<\/strong><\/p>\n<ul>\n<li><span style=\"color: #333399;\"><em>Roger Gonz\u00e1lez Lau<\/em><\/span>, Director General, PROTEXA<\/li>\n<li><em><span style=\"color: #333399;\">Ana Procuna<\/span><\/em>, Directora de Transportaci\u00f3n de Gas y Marketing, Mexico Pacific<\/li>\n<li><em><span style=\"color: #333399;\">Marco Vera<\/span><\/em>, Director General de Latinoam\u00e9rica y el Caribe, GE Gas Power<\/li>\n<li><em><span style=\"color: #333399;\">Alfredo Bejos<\/span><\/em>, Vicepresidente de la Asociaci\u00f3n Mexicana de Gas Natural<\/li>\n<\/ul>\n<p>&nbsp;<\/p>\n<p><strong>17:50 &#8211; 18:40 ACELERANDO EL DESARROLLO DE MEGA-YACIMIENTOS \u00bfQU\u00c9 PUEDE APRENDER M\u00c9XICO DE GUYANA?<\/strong><\/p>\n<ul>\n<li><em><span style=\"color: #333399;\">Carlos de Regules<\/span><\/em>, Chief Executive Officer, Assist Consulting<\/li>\n<li><em><span style=\"color: #333399;\">Craig A. Kelly<\/span><\/em>, Senior Director of International Government Affairs, Exxon Mobil Corp.<\/li>\n<li><span style=\"color: #333399;\"><em>Alma Am\u00e9rica Porres Luna<\/em><\/span>, Ex Comisionada, Comisi\u00f3n Nacional de Hidrocarburos<\/li>\n<\/ul>\n<p>&nbsp;<\/p>\n<p><strong>18:40 &#8211; 19:00 CLAUSURA<\/strong><\/p>\n<ul>\n<li><span style=\"color: #333399;\"><em>\u00c1ngel Carrizales L\u00f3pez<\/em><\/span>, Director Ejecutivo de la Agencia de Seguridad, Energ\u00eda y Ambiente<\/li>\n<\/ul>\n<p>&nbsp;<\/p>\n<p style=\"text-align: right;\">*Ponente por confirmar<\/p>\n<p><img loading=\"lazy\" decoding=\"async\" class=\"aligncenter wp-image-13187 size-large\" src=\"https:\/\/www.amexhi.org\/wp-content\/uploads\/2024\/08\/Patrocinios-1024x768.jpg\" alt=\"patrocinios\" width=\"1024\" height=\"768\" srcset=\"https:\/\/www.amexhi.org\/wp-content\/uploads\/2024\/08\/Patrocinios-1024x768.jpg 1024w, https:\/\/www.amexhi.org\/wp-content\/uploads\/2024\/08\/Patrocinios-300x225.jpg 300w, https:\/\/www.amexhi.org\/wp-content\/uploads\/2024\/08\/Patrocinios-1536x1152.jpg 1536w, https:\/\/www.amexhi.org\/wp-content\/uploads\/2024\/08\/Patrocinios-800x600.jpg 800w, https:\/\/www.amexhi.org\/wp-content\/uploads\/2024\/08\/Patrocinios-700x525.jpg 700w, https:\/\/www.amexhi.org\/wp-content\/uploads\/2024\/08\/Patrocinios.jpg 1600w\" sizes=\"auto, (max-width: 1024px) 100vw, 1024px\" \/><\/p>\n<p>&nbsp;<\/p>\n<h3>REGISTRO VIRTUAL<\/h3>\n<p>No pierdas detalle de nunguna conferencia ni de nuetros paneles en la <span style=\"color: #333399;\"><em><strong>Convenci\u00f3n Nacional Petrolera 2024<\/strong><\/em><\/span> eal realizar tu registro virtual.<\/p>\n<h1 style=\"text-align: center;\"><a href=\"https:\/\/cnp2024.org.mx\/registro\" target=\"_blank\" rel=\"noopener\">Registro virtual<\/a><\/h1>\n<p>&nbsp;<\/p>\n<h3><a href=\"https:\/\/cnp2024.org.mx\/registro\" target=\"_blank\" rel=\"noopener\"><img loading=\"lazy\" decoding=\"async\" class=\"aligncenter wp-image-13156 size-full\" src=\"https:\/\/www.amexhi.org\/wp-content\/uploads\/2024\/08\/Diseno-sin-titulo.jpg\" alt=\"dise\u00f1o sin t\u00edtulo\" width=\"1000\" height=\"400\" srcset=\"https:\/\/www.amexhi.org\/wp-content\/uploads\/2024\/08\/Diseno-sin-titulo.jpg 1000w, https:\/\/www.amexhi.org\/wp-content\/uploads\/2024\/08\/Diseno-sin-titulo-300x120.jpg 300w, https:\/\/www.amexhi.org\/wp-content\/uploads\/2024\/08\/Diseno-sin-titulo-700x280.jpg 700w\" sizes=\"auto, (max-width: 1000px) 100vw, 1000px\" \/><\/a><\/h3>\n<h3><\/h3>\n<p style=\"text-align: center;\">\n","protected":false},"excerpt":{"rendered":"<p>Concluy\u00f3 la Convenci\u00f3n Nacional Petrolera 2024: Por un M\u00e9xico en crecimiento. \u00a1Muchas gracias por acompa\u00f1arnos! &nbsp;<\/p>\n","protected":false},"author":7,"featured_media":13189,"comment_status":"open","ping_status":"open","sticky":false,"template":"","format":"standard","meta":{"_seopress_robots_primary_cat":"none","footnotes":""},"categories":[42],"tags":[38,59,85,86,72,76],"class_list":["post-13122","post","type-post","status-publish","format-standard","has-post-thumbnail","hentry","category-blog-amexhi","tag-amexhi","tag-asociacion-mexicana-de-empresas-de-hidrocarburos","tag-cnp-2024","tag-convencion-nacional-petrolera-2024","tag-copa-golf","tag-copa-golf-amexhi"],"_links":{"self":[{"href":"https:\/\/www.amexhi.org\/en\/wp-json\/wp\/v2\/posts\/13122","targetHints":{"allow":["GET"]}}],"collection":[{"href":"https:\/\/www.amexhi.org\/en\/wp-json\/wp\/v2\/posts"}],"about":[{"href":"https:\/\/www.amexhi.org\/en\/wp-json\/wp\/v2\/types\/post"}],"author":[{"embeddable":true,"href":"https:\/\/www.amexhi.org\/en\/wp-json\/wp\/v2\/users\/7"}],"replies":[{"embeddable":true,"href":"https:\/\/www.amexhi.org\/en\/wp-json\/wp\/v2\/comments?post=13122"}],"version-history":[{"count":29,"href":"https:\/\/www.amexhi.org\/en\/wp-json\/wp\/v2\/posts\/13122\/revisions"}],"predecessor-version":[{"id":13235,"href":"https:\/\/www.amexhi.org\/en\/wp-json\/wp\/v2\/posts\/13122\/revisions\/13235"}],"wp:featuredmedia":[{"embeddable":true,"href":"https:\/\/www.amexhi.org\/en\/wp-json\/wp\/v2\/media\/13189"}],"wp:attachment":[{"href":"https:\/\/www.amexhi.org\/en\/wp-json\/wp\/v2\/media?parent=13122"}],"wp:term":[{"taxonomy":"category","embeddable":true,"href":"https:\/\/www.amexhi.org\/en\/wp-json\/wp\/v2\/categories?post=13122"},{"taxonomy":"post_tag","embeddable":true,"href":"https:\/\/www.amexhi.org\/en\/wp-json\/wp\/v2\/tags?post=13122"}],"curies":[{"name":"wp","href":"https:\/\/api.w.org\/{rel}","templated":true}]}}