{"id":13057,"date":"2024-08-05T10:23:49","date_gmt":"2024-08-05T15:23:49","guid":{"rendered":"https:\/\/www.amexhi.org\/?p=13057"},"modified":"2024-08-05T11:07:16","modified_gmt":"2024-08-05T16:07:16","slug":"amexhi-anuncia-la-nueva-composicion-de-su-junta-directiva","status":"publish","type":"post","link":"https:\/\/www.amexhi.org\/en\/comunicados\/amexhi-anuncia-la-nueva-composicion-de-su-junta-directiva\/","title":{"rendered":"AMEXHI anuncia la nueva composici\u00f3n de su Junta Directiva"},"content":{"rendered":"<p><strong>Ciudad de M\u00e9xico, 5 de Agosto de 2024<\/strong>. La Asociaci\u00f3n Mexicana de Empresas de Hidrocarburos <strong>(AMEXHI<\/strong>), anunci\u00f3 la renovaci\u00f3n de su Junta Directiva para el periodo 2024-2025 con la incorporaci\u00f3n de 3 nuevos integrantes:<\/p>\n<ul>\n<li><strong>Valentina Olvera<\/strong> en representaci\u00f3n de Talos Energy<\/li>\n<li><strong>Edna Osuna<\/strong> representando a TotalEnergies<\/li>\n<li><strong>Raymundo Pi\u00f1ones<\/strong> en representaci\u00f3n de Woodside Energy<\/li>\n<\/ul>\n<p>Asimismo, <strong>David Cotera<\/strong> (Perenco) y <strong>Alberto de la Fuente<\/strong> (Shell M\u00e9xico) renovaron su permanencia en la Junta Directiva y se suman a <strong>Giorgio Guidi<\/strong> (Eni M\u00e9xico), <strong>John Tominey<\/strong> (Harbour Energy), <strong>Vinicio Suro<\/strong> (Hokchi Energy) y <strong>Humberto Fern\u00e1ndez<\/strong> (Tecpetrol) para conformar el liderazgo de la Asociaci\u00f3n para el periodo 2024-2025.<\/p>\n<p>En la primera sesi\u00f3n ordinaria de la nueva Junta Directiva, se dieron los siguientes nombramientos:<\/p>\n<ul>\n<li>Presidencia: <strong>Alberto de la Fuente<\/strong><\/li>\n<li>Vicepresidencia: <strong>Valentina Olvera<\/strong><\/li>\n<li>Tesorer\u00eda: <strong>John Tominey<\/strong><\/li>\n<li>Secretar\u00eda: <strong>Edna Osuna<\/strong><\/li>\n<\/ul>\n<p><!--more--><\/p>\n<p>Alberto de la Fuente, quien toma la Presidencia de <strong>AMEXHI<\/strong>, dijo que \u201cVivimos un momento crucial para el sector energ\u00e9tico Mexicano que demanda visi\u00f3n de futuro y un compromiso renovado con la cooperaci\u00f3n para construir un futuro energ\u00e9tico m\u00e1s seguro, sostenible y pr\u00f3spero para M\u00e9xico. En este objetivo, el Gobierno Federal encontrar\u00e1 en <strong>AMEXHI<\/strong> un aliado para seguir avanzando en la generaci\u00f3n de empleos de calidad, la construcci\u00f3n de cadenas productivas nacionales y un desarrollo regional vigoroso que nos permita seguir construyendo un pa\u00eds m\u00e1s pr\u00f3spero y con oportunidades para todas y todos\u201d.<\/p>\n<p>Alberto de la Fuente fue nombrado para fungir en la Presidencia de <strong>AMEXHI<\/strong> por segunda ocasi\u00f3n, ya que ocup\u00f3 esta posici\u00f3n de 2016 a 2020.<\/p>\n<p>Cabe destacar que, como resultado de una revisi\u00f3n de las pol\u00edticas internas de la Asociaci\u00f3n y con el aval de la Asamblea General, esta Junta Directiva marca un hito en la historia de <strong>AMEXHI <\/strong>al contar con una mayor representaci\u00f3n de mujeres entre sus miembros.<\/p>\n<p>Valentina Olvera, Vicepresidenta de AMEXHI, se\u00f1al\u00f3 que \u201cEn la Junta Directiva queremos continuar con el legado de liderazgo que han dejado orgullosas colegas mujeres quienes han sido parte de este \u00f3rgano en los a\u00f1os previos. Tambi\u00e9n reafirmamos el compromiso de la organizaci\u00f3n y sus miembros para seguir promoviendo la equidad de g\u00e9nero y el liderazgo de las mujeres en la industria\u201d.<\/p>\n<p><img loading=\"lazy\" decoding=\"async\" class=\"wp-image-13060\" src=\"https:\/\/www.amexhi.org\/wp-content\/uploads\/2024\/08\/JD-AMEXHI-1024x576.jpg\" alt=\"Junta Directiva AMEXHI 2024\" width=\"700\" height=\"394\" srcset=\"https:\/\/www.amexhi.org\/wp-content\/uploads\/2024\/08\/JD-AMEXHI-1024x576.jpg 1024w, https:\/\/www.amexhi.org\/wp-content\/uploads\/2024\/08\/JD-AMEXHI-300x169.jpg 300w, https:\/\/www.amexhi.org\/wp-content\/uploads\/2024\/08\/JD-AMEXHI-1536x864.jpg 1536w, https:\/\/www.amexhi.org\/wp-content\/uploads\/2024\/08\/JD-AMEXHI-700x394.jpg 700w, https:\/\/www.amexhi.org\/wp-content\/uploads\/2024\/08\/JD-AMEXHI-539x303.jpg 539w, https:\/\/www.amexhi.org\/wp-content\/uploads\/2024\/08\/JD-AMEXHI.jpg 1600w\" sizes=\"auto, (max-width: 700px) 100vw, 700px\" \/><\/p>\n<p>&nbsp;<\/p>\n<p><strong>Contacto de Prensa:<\/strong><\/p>\n<table>\n<tbody>\n<tr>\n<td width=\"245\">Alejandra L\u00f3pez<\/p>\n<p><a href=\"mailto:Alejandra.lopez@amexhi.org\">Alejandra.lopez@amexhi.org<\/a><\/p>\n<p>&nbsp;<\/td>\n<td width=\"251\">Antonio S\u00e1nchez<\/p>\n<p><a href=\"mailto:Antonio.sanchez@amexhi.org\">Antonio.sanchez@amexhi.org<\/a><\/p>\n<p>&nbsp;<\/td>\n<\/tr>\n<\/tbody>\n<\/table>\n<p>&nbsp;<\/p>\n<p><strong><em>Sobre AMEXHI:<\/em><\/strong><\/p>\n<p><em>La Asociaci\u00f3n Mexicana de Empresas de Hidrocarburos (AMEXHI) es una organizaci\u00f3n sin \ufb01nes de lucro que agrupa a 28 empresas que participan en la cadena de valor del sector de hidrocarburos en M\u00e9xico. Nuestra misi\u00f3n es promover el desarrollo e\ufb01ciente y sostenible del sector de hidrocarburos en M\u00e9xico, en bene\ufb01cio de la sociedad mexicana. <\/em><\/p>\n","protected":false},"excerpt":{"rendered":"<p>Ciudad de M\u00e9xico, 5 de Agosto de 2024. La Asociaci\u00f3n Mexicana de Empresas de Hidrocarburos (AMEXHI), anunci\u00f3 la renovaci\u00f3n de su Junta Directiva para el periodo 2024-2025 con la incorporaci\u00f3n de 3 nuevos integrantes: Valentina Olvera en representaci\u00f3n de Talos Energy Edna Osuna representando a&#8230;<\/p>\n","protected":false},"author":7,"featured_media":13062,"comment_status":"open","ping_status":"open","sticky":false,"template":"","format":"standard","meta":{"_seopress_robots_primary_cat":"none","footnotes":""},"categories":[42,20],"tags":[121,38,59,37,57,77,122],"class_list":["post-13057","post","type-post","status-publish","format-standard","has-post-thumbnail","hentry","category-blog-amexhi","category-comunicados","tag-alberto-de-la-fuente","tag-amexhi","tag-asociacion-mexicana-de-empresas-de-hidrocarburos","tag-industria-de-hidrocarburos","tag-junta-directiva","tag-noticias","tag-valentina-olvera"],"_links":{"self":[{"href":"https:\/\/www.amexhi.org\/en\/wp-json\/wp\/v2\/posts\/13057","targetHints":{"allow":["GET"]}}],"collection":[{"href":"https:\/\/www.amexhi.org\/en\/wp-json\/wp\/v2\/posts"}],"about":[{"href":"https:\/\/www.amexhi.org\/en\/wp-json\/wp\/v2\/types\/post"}],"author":[{"embeddable":true,"href":"https:\/\/www.amexhi.org\/en\/wp-json\/wp\/v2\/users\/7"}],"replies":[{"embeddable":true,"href":"https:\/\/www.amexhi.org\/en\/wp-json\/wp\/v2\/comments?post=13057"}],"version-history":[{"count":3,"href":"https:\/\/www.amexhi.org\/en\/wp-json\/wp\/v2\/posts\/13057\/revisions"}],"predecessor-version":[{"id":13068,"href":"https:\/\/www.amexhi.org\/en\/wp-json\/wp\/v2\/posts\/13057\/revisions\/13068"}],"wp:featuredmedia":[{"embeddable":true,"href":"https:\/\/www.amexhi.org\/en\/wp-json\/wp\/v2\/media\/13062"}],"wp:attachment":[{"href":"https:\/\/www.amexhi.org\/en\/wp-json\/wp\/v2\/media?parent=13057"}],"wp:term":[{"taxonomy":"category","embeddable":true,"href":"https:\/\/www.amexhi.org\/en\/wp-json\/wp\/v2\/categories?post=13057"},{"taxonomy":"post_tag","embeddable":true,"href":"https:\/\/www.amexhi.org\/en\/wp-json\/wp\/v2\/tags?post=13057"}],"curies":[{"name":"wp","href":"https:\/\/api.w.org\/{rel}","templated":true}]}}